{"id":18532,"date":"2022-02-13T12:42:34","date_gmt":"2022-02-13T12:42:34","guid":{"rendered":"https:\/\/jolie.vamtam.com\/?p=18532"},"modified":"2024-12-02T21:13:27","modified_gmt":"2024-12-02T21:13:27","slug":"how-to-cool-down-sunburned-skin-2","status":"publish","type":"post","link":"https:\/\/oskinaestheticscenter.com\/en\/how-to-cool-down-sunburned-skin-2\/","title":{"rendered":"\u00a0Mitos y Verdades sobre la Protecci\u00f3n Solar: Lo que Debes Saber"},"content":{"rendered":"<div data-elementor-type=\"wp-post\" data-elementor-id=\"18532\" class=\"elementor elementor-18532\" data-elementor-post-type=\"post\">\n\t\t\t\t\t\t<section class=\"elementor-section elementor-top-section elementor-element elementor-element-2a451810 elementor-section-boxed elementor-section-height-default elementor-section-height-default\" data-id=\"2a451810\" data-element_type=\"section\">\n\t\t\t\t\t\t<div class=\"elementor-container elementor-column-gap-no\">\n\t\t\t\t\t<div class=\"elementor-column elementor-col-100 elementor-top-column elementor-element elementor-element-75833d00\" data-id=\"75833d00\" data-element_type=\"column\">\n\t\t\t<div class=\"elementor-widget-wrap elementor-element-populated\">\n\t\t\t\t\t\t<div class=\"elementor-element elementor-element-52d13da4 elementor-drop-cap-yes elementor-widget-tablet__width-inherit elementor-drop-cap-view-default elementor-widget elementor-widget-text-editor\" data-id=\"52d13da4\" data-element_type=\"widget\" data-settings=\"{&quot;drop_cap&quot;:&quot;yes&quot;}\" data-widget_type=\"text-editor.default\">\n\t\t\t\t<div class=\"elementor-widget-container\">\n\t\t\t\t\t\t\t<p>La protecci\u00f3n solar es uno de los aspectos m\u00e1s importantes del cuidado de la piel, pero existen muchos mitos que pueden confundir a los consumidores.<span style=\"font-weight: 400;\"> Aqu\u00ed desmentimos algunos de los m\u00e1s comunes y destacamos la importancia de <strong>BB O&#8217;Skin.<\/strong><\/span><\/p>\t\t\t\t\t\t<\/div>\n\t\t\t\t<\/div>\n\t\t\t\t\t<\/div>\n\t\t<\/div>\n\t\t\t\t\t<\/div>\n\t\t<\/section>\n\t\t\t\t<section class=\"elementor-section elementor-top-section elementor-element elementor-element-237c613 elementor-section-boxed elementor-section-height-default elementor-section-height-default\" data-id=\"237c613\" data-element_type=\"section\">\n\t\t\t\t\t\t<div class=\"elementor-container elementor-column-gap-no\">\n\t\t\t\t\t<div class=\"elementor-column elementor-col-50 elementor-top-column elementor-element elementor-element-4efe277e\" data-id=\"4efe277e\" data-element_type=\"column\">\n\t\t\t<div class=\"elementor-widget-wrap elementor-element-populated\">\n\t\t\t\t\t\t<div class=\"vamtam-has-theme-widget-styles elementor-element elementor-element-109e9848 elementor-widget elementor-widget-image\" data-id=\"109e9848\" data-element_type=\"widget\" data-widget_type=\"image.default\">\n\t\t\t\t<div class=\"elementor-widget-container\">\n\t\t\t\t\t\t\t<div class=\"elementor-image\">\n\t\t\t\t\t\t\t\t\t\t\t\t\t\t\t\t\t\t\t\t\t\t<a href=\"\/en\/product\/primrose-facial-hydrating-cream\/\">\n\t\t\t\t\t\t\t\t\t\t\t<img fetchpriority=\"high\" decoding=\"async\" width=\"1465\" height=\"2560\" src=\"https:\/\/oskinaestheticscenter.com\/wp-content\/uploads\/2022\/02\/Medidas-web_sun_shine-scaled.webp\" class=\"attachment-full size-full wp-image-989247\" alt=\"\" srcset=\"https:\/\/oskinaestheticscenter.com\/wp-content\/uploads\/2022\/02\/Medidas-web_sun_shine-scaled.webp 1465w, https:\/\/oskinaestheticscenter.com\/wp-content\/uploads\/2022\/02\/Medidas-web_sun_shine-172x300.webp 172w, https:\/\/oskinaestheticscenter.com\/wp-content\/uploads\/2022\/02\/Medidas-web_sun_shine-586x1024.webp 586w, https:\/\/oskinaestheticscenter.com\/wp-content\/uploads\/2022\/02\/Medidas-web_sun_shine-768x1342.webp 768w, https:\/\/oskinaestheticscenter.com\/wp-content\/uploads\/2022\/02\/Medidas-web_sun_shine-879x1536.webp 879w, https:\/\/oskinaestheticscenter.com\/wp-content\/uploads\/2022\/02\/Medidas-web_sun_shine-1172x2048.webp 1172w, https:\/\/oskinaestheticscenter.com\/wp-content\/uploads\/2022\/02\/Medidas-web_sun_shine-1260x2202.webp 1260w, https:\/\/oskinaestheticscenter.com\/wp-content\/uploads\/2022\/02\/Medidas-web_sun_shine-630x1101.webp 630w\" sizes=\"(max-width: 1465px) 100vw, 1465px\" \/>\t\t\t\t\t\t\t\t\t\t\t\t<\/a>\n\t\t\t\t\t\t\t\t\t\t\t\t\t\t\t\t\t\t\t\t\t\t\t\t<\/div>\n\t\t\t\t\t\t<\/div>\n\t\t\t\t<\/div>\n\t\t\t\t<div class=\"elementor-element elementor-element-50d6766e elementor-widget__width-auto elementor-widget elementor-widget-text-editor\" data-id=\"50d6766e\" data-element_type=\"widget\" data-widget_type=\"text-editor.default\">\n\t\t\t\t<div class=\"elementor-widget-container\">\n\t\t\t\t\t\t\t<a href=\"\/en\/product\/primrose-facial-hydrating-cream\/\">Lorem ipsum<\/a>\t\t\t\t\t\t<\/div>\n\t\t\t\t<\/div>\n\t\t\t\t<div class=\"elementor-element elementor-element-50932050 elementor-widget__width-auto elementor-widget elementor-widget-text-editor\" data-id=\"50932050\" data-element_type=\"widget\" data-widget_type=\"text-editor.default\">\n\t\t\t\t<div class=\"elementor-widget-container\">\n\t\t\t\t\t\t\t<p>$ 49.00<\/p>\t\t\t\t\t\t<\/div>\n\t\t\t\t<\/div>\n\t\t\t\t\t<\/div>\n\t\t<\/div>\n\t\t\t\t<div class=\"elementor-column elementor-col-50 elementor-top-column elementor-element elementor-element-14a4ba1\" data-id=\"14a4ba1\" data-element_type=\"column\">\n\t\t\t<div class=\"elementor-widget-wrap elementor-element-populated\">\n\t\t\t\t\t\t<div class=\"vamtam-has-theme-widget-styles elementor-element elementor-element-1d3e1b31 elementor-widget elementor-widget-image\" data-id=\"1d3e1b31\" data-element_type=\"widget\" data-widget_type=\"image.default\">\n\t\t\t\t<div class=\"elementor-widget-container\">\n\t\t\t\t\t\t\t<div class=\"elementor-image\">\n\t\t\t\t\t\t\t\t\t\t\t\t\t\t\t\t\t\t\t\t\t\t<a href=\"\/en\/product\/b-oil\/\">\n\t\t\t\t\t\t\t\t\t\t\t<img decoding=\"async\" width=\"1463\" height=\"2560\" src=\"https:\/\/oskinaestheticscenter.com\/wp-content\/uploads\/2022\/02\/Medidas-web_bb_oskin_2-scaled.webp\" class=\"attachment-full size-full wp-image-989248\" alt=\"\" srcset=\"https:\/\/oskinaestheticscenter.com\/wp-content\/uploads\/2022\/02\/Medidas-web_bb_oskin_2-scaled.webp 1463w, https:\/\/oskinaestheticscenter.com\/wp-content\/uploads\/2022\/02\/Medidas-web_bb_oskin_2-171x300.webp 171w, https:\/\/oskinaestheticscenter.com\/wp-content\/uploads\/2022\/02\/Medidas-web_bb_oskin_2-585x1024.webp 585w, https:\/\/oskinaestheticscenter.com\/wp-content\/uploads\/2022\/02\/Medidas-web_bb_oskin_2-768x1344.webp 768w, https:\/\/oskinaestheticscenter.com\/wp-content\/uploads\/2022\/02\/Medidas-web_bb_oskin_2-878x1536.webp 878w, https:\/\/oskinaestheticscenter.com\/wp-content\/uploads\/2022\/02\/Medidas-web_bb_oskin_2-1170x2048.webp 1170w, https:\/\/oskinaestheticscenter.com\/wp-content\/uploads\/2022\/02\/Medidas-web_bb_oskin_2-1260x2205.webp 1260w, https:\/\/oskinaestheticscenter.com\/wp-content\/uploads\/2022\/02\/Medidas-web_bb_oskin_2-630x1102.webp 630w\" sizes=\"(max-width: 1463px) 100vw, 1463px\" \/>\t\t\t\t\t\t\t\t\t\t\t\t<\/a>\n\t\t\t\t\t\t\t\t\t\t\t\t\t\t\t\t\t\t\t\t\t\t\t\t<\/div>\n\t\t\t\t\t\t<\/div>\n\t\t\t\t<\/div>\n\t\t\t\t<div class=\"elementor-element elementor-element-31386007 elementor-widget__width-auto elementor-widget elementor-widget-text-editor\" data-id=\"31386007\" data-element_type=\"widget\" data-widget_type=\"text-editor.default\">\n\t\t\t\t<div class=\"elementor-widget-container\">\n\t\t\t\t\t\t\t<a href=\"\/en\/product\/primrose-facial-hydrating-cream\/\">Lorem ipsum<\/a>\t\t\t\t\t\t<\/div>\n\t\t\t\t<\/div>\n\t\t\t\t<div class=\"elementor-element elementor-element-4378d336 elementor-widget__width-auto elementor-widget elementor-widget-text-editor\" data-id=\"4378d336\" data-element_type=\"widget\" data-widget_type=\"text-editor.default\">\n\t\t\t\t<div class=\"elementor-widget-container\">\n\t\t\t\t\t\t\t<p>$ 60.00<\/p>\t\t\t\t\t\t<\/div>\n\t\t\t\t<\/div>\n\t\t\t\t\t<\/div>\n\t\t<\/div>\n\t\t\t\t\t<\/div>\n\t\t<\/section>\n\t\t\t\t<section class=\"elementor-section elementor-top-section elementor-element elementor-element-35f67e7a elementor-section-boxed elementor-section-height-default elementor-section-height-default\" data-id=\"35f67e7a\" data-element_type=\"section\">\n\t\t\t\t\t\t<div class=\"elementor-container elementor-column-gap-no\">\n\t\t\t\t\t<div class=\"elementor-column elementor-col-100 elementor-top-column elementor-element elementor-element-9e35cea\" data-id=\"9e35cea\" data-element_type=\"column\">\n\t\t\t<div class=\"elementor-widget-wrap elementor-element-populated\">\n\t\t\t\t\t\t<div class=\"elementor-element elementor-element-6bd962a4 elementor-widget elementor-widget-text-editor\" data-id=\"6bd962a4\" data-element_type=\"widget\" data-widget_type=\"text-editor.default\">\n\t\t\t\t<div class=\"elementor-widget-container\">\n\t\t\t\t\t\t\t<strong>Mito 1: Solo necesito protector solar en verano.<\/strong>\n\nVerdad: Los rayos UV pueden da\u00f1ar la piel en cualquier \u00e9poca del a\u00f1o, incluso en d\u00edas nublados. Usar BB O&#8217;Skin SPF 30 a diario es esencial para proteger tu piel durante todo el a\u00f1o.\t\t\t\t\t\t<\/div>\n\t\t\t\t<\/div>\n\t\t\t\t<div class=\"elementor-element elementor-element-3646ba74 elementor-widget elementor-widget-text-editor\" data-id=\"3646ba74\" data-element_type=\"widget\" data-widget_type=\"text-editor.default\">\n\t\t\t\t<div class=\"elementor-widget-container\">\n\t\t\t\t\t\t\t<strong>Mito 2: Las personas con piel morena no necesitan protector solar.<\/strong>\n\nVerdad: Todas las personas, independientemente de su tono de piel, deben usar protector solar. Aunque la piel morena puede tener algo de protecci\u00f3n natural, todav\u00eda est\u00e1 en riesgo de da\u00f1os solares. BB O&#8217;Skin es adecuado para todos los tipos de piel y proporciona una protecci\u00f3n eficaz.\n\t\t\t\t\t\t<\/div>\n\t\t\t\t<\/div>\n\t\t\t\t<div class=\"elementor-element elementor-element-19c59006 elementor-widget elementor-widget-text-editor\" data-id=\"19c59006\" data-element_type=\"widget\" data-widget_type=\"text-editor.default\">\n\t\t\t\t<div class=\"elementor-widget-container\">\n\t\t\t\t\t\t\t<strong>Mito 3: Puedo usar mi maquillaje con SPF como sustituto del protector solar.<\/strong>\n\nVerdad: Aunque algunos productos de maquillaje contienen SPF, no suelen ser suficientes para proporcionar la protecci\u00f3n adecuada. Es mejor aplicar un protector solar como BB O&#8217;Skin primero y luego aplicar tu maquillaje.\n\t\t\t\t\t\t<\/div>\n\t\t\t\t<\/div>\n\t\t\t\t\t<\/div>\n\t\t<\/div>\n\t\t\t\t\t<\/div>\n\t\t<\/section>\n\t\t\t\t<section class=\"elementor-section elementor-top-section elementor-element elementor-element-3b66a751 elementor-section-boxed elementor-section-height-default elementor-section-height-default\" data-id=\"3b66a751\" data-element_type=\"section\">\n\t\t\t\t\t\t<div class=\"elementor-container elementor-column-gap-no\">\n\t\t\t\t\t<div class=\"elementor-column elementor-col-100 elementor-top-column elementor-element elementor-element-1c9cdc1c\" data-id=\"1c9cdc1c\" data-element_type=\"column\">\n\t\t\t<div class=\"elementor-widget-wrap elementor-element-populated\">\n\t\t\t\t\t\t<div class=\"vamtam-has-theme-widget-styles elementor-element elementor-element-1751ae19 elementor-widget elementor-widget-image\" data-id=\"1751ae19\" data-element_type=\"widget\" data-widget_type=\"image.default\">\n\t\t\t\t<div class=\"elementor-widget-container\">\n\t\t\t\t\t\t\t<div class=\"elementor-image\">\n\t\t\t\t\t\t\t\t\t\t\t\t\t\t\t\t\t\t\t\t\t<img decoding=\"async\" width=\"2560\" height=\"2167\" src=\"https:\/\/oskinaestheticscenter.com\/wp-content\/uploads\/2022\/02\/Medidas-web_sun_shine_model-scaled.webp\" class=\"attachment-full size-full wp-image-989249\" alt=\"\" srcset=\"https:\/\/oskinaestheticscenter.com\/wp-content\/uploads\/2022\/02\/Medidas-web_sun_shine_model-scaled.webp 2560w, https:\/\/oskinaestheticscenter.com\/wp-content\/uploads\/2022\/02\/Medidas-web_sun_shine_model-300x254.webp 300w, https:\/\/oskinaestheticscenter.com\/wp-content\/uploads\/2022\/02\/Medidas-web_sun_shine_model-1024x867.webp 1024w, https:\/\/oskinaestheticscenter.com\/wp-content\/uploads\/2022\/02\/Medidas-web_sun_shine_model-768x650.webp 768w, https:\/\/oskinaestheticscenter.com\/wp-content\/uploads\/2022\/02\/Medidas-web_sun_shine_model-1536x1300.webp 1536w, https:\/\/oskinaestheticscenter.com\/wp-content\/uploads\/2022\/02\/Medidas-web_sun_shine_model-2048x1734.webp 2048w, https:\/\/oskinaestheticscenter.com\/wp-content\/uploads\/2022\/02\/Medidas-web_sun_shine_model-1260x1067.webp 1260w, https:\/\/oskinaestheticscenter.com\/wp-content\/uploads\/2022\/02\/Medidas-web_sun_shine_model-630x533.webp 630w\" sizes=\"(max-width: 2560px) 100vw, 2560px\" \/>\t\t\t\t\t\t\t\t\t\t\t\t\t\t\t\t\t\t\t\t\t\t\t\t<\/div>\n\t\t\t\t\t\t<\/div>\n\t\t\t\t<\/div>\n\t\t\t\t\t<\/div>\n\t\t<\/div>\n\t\t\t\t\t<\/div>\n\t\t<\/section>\n\t\t\t\t<section class=\"elementor-section elementor-top-section elementor-element elementor-element-5d1a7c66 elementor-section-boxed elementor-section-height-default elementor-section-height-default\" data-id=\"5d1a7c66\" data-element_type=\"section\">\n\t\t\t\t\t\t<div class=\"elementor-container elementor-column-gap-no\">\n\t\t\t\t\t<div class=\"elementor-column elementor-col-100 elementor-top-column elementor-element elementor-element-1f50a332\" data-id=\"1f50a332\" data-element_type=\"column\">\n\t\t\t<div class=\"elementor-widget-wrap elementor-element-populated\">\n\t\t\t\t\t\t<div class=\"elementor-element elementor-element-34a822e7 elementor-widget elementor-widget-text-editor\" data-id=\"34a822e7\" data-element_type=\"widget\" data-widget_type=\"text-editor.default\">\n\t\t\t\t<div class=\"elementor-widget-container\">\n\t\t\t\t\t\t\t<strong>Mito 4: Una vez que me aplico protector solar, estoy protegido todo el d\u00eda.<\/strong>\n\nVerdad: Es necesario reaplicar el protector solar cada dos horas, especialmente si sudas o nadas. BB O&#8217;Skin es f\u00e1cil de aplicar en cualquier momento del d\u00eda, asegurando que siempre est\u00e9s protegido.\t\t\t\t\t\t<\/div>\n\t\t\t\t<\/div>\n\t\t\t\t\t<\/div>\n\t\t<\/div>\n\t\t\t\t\t<\/div>\n\t\t<\/section>\n\t\t\t\t<section class=\"elementor-section elementor-top-section elementor-element elementor-element-765785d elementor-section-boxed elementor-section-height-default elementor-section-height-default\" data-id=\"765785d\" data-element_type=\"section\">\n\t\t\t\t\t\t<div class=\"elementor-container elementor-column-gap-no\">\n\t\t\t\t\t<div class=\"elementor-column elementor-col-100 elementor-top-column elementor-element elementor-element-2178ff92\" data-id=\"2178ff92\" data-element_type=\"column\" data-settings=\"{&quot;background_background&quot;:&quot;classic&quot;}\">\n\t\t\t<div class=\"elementor-widget-wrap elementor-element-populated\">\n\t\t\t\t\t\t<div class=\"elementor-element elementor-element-407b0f elementor-view-default elementor-widget elementor-widget-icon\" data-id=\"407b0f\" data-element_type=\"widget\" data-widget_type=\"icon.default\">\n\t\t\t\t<div class=\"elementor-widget-container\">\n\t\t\t\t\t<div class=\"elementor-icon-wrapper\">\n\t\t\t<div class=\"elementor-icon\">\n\t\t\t<i aria-hidden=\"true\" class=\"vamtamtheme- vamtam-theme-star\"><\/i>\t\t\t<\/div>\n\t\t<\/div>\n\t\t\t\t<\/div>\n\t\t\t\t<\/div>\n\t\t\t\t<div class=\"elementor-element elementor-element-54fdd318 elementor-blockquote--skin-clean elementor-blockquote--align-center elementor-blockquote--button-skin-link elementor-blockquote--button-color-custom elementor-blockquote--button-view-icon-text elementor-widget elementor-widget-blockquote\" data-id=\"54fdd318\" data-element_type=\"widget\" data-widget_type=\"blockquote.default\">\n\t\t\t\t<div class=\"elementor-widget-container\">\n\t\t\t\t\t<blockquote class=\"elementor-blockquote\">\n\t\t\t<p class=\"elementor-blockquote__content\">\n\t\t\t\t\"No dejes que los mitos te impidan cuidar de tu piel. La protecci\u00f3n solar es vital para prevenir el envejecimiento prematuro y el c\u00e1ncer de piel. Usa BB O'Skin SPF 30 diariamente para proteger tu piel de manera efectiva.\"\t\t\t<\/p>\n\t\t\t\t\t\t\t<div class=\"e-q-footer\">\n\t\t\t\t\t\t\t\t\t\t\t\t\t\t\t\t<a href=\"https:\/\/twitter.com\/intent\/tweet?text=%22No+dejes+que+los+mitos+te+impidan+cuidar+de+tu+piel.+La+protecci%5Cu00f3n+solar+es+vital+para+prevenir+el+envejecimiento+prematuro+y+el+c%5Cu00e1ncer+de+piel.+Usa+BB+O%27Skin+SPF+30+diariamente+para+proteger+tu+piel+de+manera+efectiva.%22&amp;url=https%3A%2F%2Foskinaestheticscenter.com%2Fen%2Fwp-json%2Fwp%2Fv2%2Fposts%2F18532\" class=\"elementor-blockquote__tweet-button\" target=\"_blank\">\n\t\t\t\t\t\t\t\t\t\t\t\t\t\t\t<i aria-hidden=\"true\" class=\"fab fa-twitter\"><\/i>\t\t\t\t\t\t\t\t\t\t\t\t\t\t\t\t\t\t\t\t\t\t\t\t\t\t\t\t\t\t<span class=\"elementor-blockquote__tweet-label\"><\/span>\n\t\t\t\t\t\t\t\t\t\t\t\t\t<\/a>\n\t\t\t\t\t\t\t\t\t<\/div>\n\t\t\t\t\t<\/blockquote>\n\t\t\t\t<\/div>\n\t\t\t\t<\/div>\n\t\t\t\t\t<\/div>\n\t\t<\/div>\n\t\t\t\t\t<\/div>\n\t\t<\/section>\n\t\t\t\t<\/div>","protected":false},"excerpt":{"rendered":"<p>La protecci\u00f3n solar es uno de los aspectos m\u00e1s importantes del cuidado de la piel, pero existen muchos mitos que pueden confundir a los consumidores. Aqu\u00ed desmentimos algunos de los m\u00e1s comunes y destacamos la importancia de BB O&#8217;Skin. Lorem ipsum $ 49.00 Lorem ipsum $ 60.00 Mito 1: Solo necesito protector solar en verano&#8230;.<\/p>","protected":false},"author":1,"featured_media":23264,"comment_status":"open","ping_status":"closed","sticky":false,"template":"elementor_theme","format":"standard","meta":{"_acf_changed":false,"footnotes":""},"categories":[16],"tags":[29],"class_list":["post-18532","post","type-post","status-publish","format-standard","has-post-thumbnail","hentry","category-tip-tricks","tag-oil-treatment"],"acf":[],"_links":{"self":[{"href":"https:\/\/oskinaestheticscenter.com\/en\/wp-json\/wp\/v2\/posts\/18532","targetHints":{"allow":["GET"]}}],"collection":[{"href":"https:\/\/oskinaestheticscenter.com\/en\/wp-json\/wp\/v2\/posts"}],"about":[{"href":"https:\/\/oskinaestheticscenter.com\/en\/wp-json\/wp\/v2\/types\/post"}],"author":[{"embeddable":true,"href":"https:\/\/oskinaestheticscenter.com\/en\/wp-json\/wp\/v2\/users\/1"}],"replies":[{"embeddable":true,"href":"https:\/\/oskinaestheticscenter.com\/en\/wp-json\/wp\/v2\/comments?post=18532"}],"version-history":[{"count":9,"href":"https:\/\/oskinaestheticscenter.com\/en\/wp-json\/wp\/v2\/posts\/18532\/revisions"}],"predecessor-version":[{"id":989252,"href":"https:\/\/oskinaestheticscenter.com\/en\/wp-json\/wp\/v2\/posts\/18532\/revisions\/989252"}],"wp:featuredmedia":[{"embeddable":true,"href":"https:\/\/oskinaestheticscenter.com\/en\/wp-json\/wp\/v2\/media\/23264"}],"wp:attachment":[{"href":"https:\/\/oskinaestheticscenter.com\/en\/wp-json\/wp\/v2\/media?parent=18532"}],"wp:term":[{"taxonomy":"category","embeddable":true,"href":"https:\/\/oskinaestheticscenter.com\/en\/wp-json\/wp\/v2\/categories?post=18532"},{"taxonomy":"post_tag","embeddable":true,"href":"https:\/\/oskinaestheticscenter.com\/en\/wp-json\/wp\/v2\/tags?post=18532"}],"curies":[{"name":"wp","href":"https:\/\/api.w.org\/{rel}","templated":true}]}}